{"id":9485,"date":"2015-05-08T17:33:17","date_gmt":"2015-05-08T16:33:17","guid":{"rendered":"http:\/\/drikkes.com\/?p=9485"},"modified":"2015-06-24T13:40:52","modified_gmt":"2015-06-24T12:40:52","slug":"republica-2015-rp15","status":"publish","type":"post","link":"https:\/\/drikkes.com\/?p=9485","title":{"rendered":"re:publica 2015 \/ #rp15"},"content":{"rendered":"<div class='e-content'>\n<h4><strong>1. Tag<\/strong><\/h4>\n<p>Erst an diesem Morgen in Berlin angekommen. Und man m\u00f6chte ja auch nicht in der gr\u00f6\u00dften Andrangschlange stehen &#8211; zumal man sich damit auch zugleich um dr\u00f6ge Dankesreden zur Begr\u00fc\u00dfung der Sponsoren dr\u00fccken kann.<br \/>\nSomit war mein erster Vortrag <a href=\"https:\/\/re-publica.de\/session\/abschaffung-wahrheit\">Die Abschaffung der Wahrheit<\/a> &#8211; Friedemann Karigs (ich wollte jetzt nicht wirklich &#8220;humorvolle Abrechnung&#8221; schreiben?) \u00c4hm, n\u00e4chstes Thema:<br \/>\n<a href=\"https:\/\/re-publica.de\/session\/finding-inclusion-digital-europe\">Finding Inclusion in Digital Europe<\/a> &#8211; Raul und Mareice haben in allen Himmelsrichtungen Aktivisten gefunden.<br \/>\nDann die \u00fcbliche Levitenleserei in <a href=\"https:\/\/re-publica.de\/session\/netzgemeinde-am-ende-jetzt-gehts-los\">Die Netzgemeinde ist am Ende. Jetzt geht&#8217;s los.<\/a><br \/>\nZum Schlu\u00df dann noch Einblick in ein Forschungsprojekt der Uni Bremen zu <a href=\"https:\/\/re-publica.de\/session\/europaeische-oeffentlichkeit-online-online-kommunikation-menschen-europa-entstehen-einer\">How comments on the Eurocrisis help construct a European society!<\/a> Jaja, mit Ausrufezeichen.<\/p>\n<p><img loading=\"lazy\" decoding=\"async\" src=\"https:\/\/drikkes.com\/wp-content\/uploads\/2015\/05\/Photo-07.05.15-23-41-46.jpg\" alt=\"Photo 07.05.15 23 41 46\" width=\"2388\" height=\"1344\" class=\"aligncenter size-full wp-image-9488\" srcset=\"https:\/\/drikkes.com\/wp-content\/uploads\/2015\/05\/Photo-07.05.15-23-41-46.jpg 2388w, https:\/\/drikkes.com\/wp-content\/uploads\/2015\/05\/Photo-07.05.15-23-41-46-300x169.jpg 300w, https:\/\/drikkes.com\/wp-content\/uploads\/2015\/05\/Photo-07.05.15-23-41-46-1024x576.jpg 1024w, https:\/\/drikkes.com\/wp-content\/uploads\/2015\/05\/Photo-07.05.15-23-41-46-1366x768.jpg 1366w, https:\/\/drikkes.com\/wp-content\/uploads\/2015\/05\/Photo-07.05.15-23-41-46-1920x1080.jpg 1920w, https:\/\/drikkes.com\/wp-content\/uploads\/2015\/05\/Photo-07.05.15-23-41-46-65x37.jpg 65w\" sizes=\"auto, (max-width: 2388px) 100vw, 2388px\" \/><\/p>\n<h4><strong>2. Tag<\/strong><\/h4>\n<p><a href=\"https:\/\/re-publica.de\/session\/fluechtige-macht-youtube-im-kreuzfeuer-facebook-und-co-greifen-0\">Fl\u00fcchtige Macht? YouTube im Kreuzfeuer. Facebook und Co. greifen an<\/a> lieferte ein paar Zahlen zur Bewegtbildentwicklung im Social Web.<br \/>\nDann ein wenig Kapitalismuskritik in <a href=\"https:\/\/re-publica.de\/session\/aufmacher-revue-den-absurditaeten-technischem-fortschritt-und-wachstum\">Die Aufmacher \u00ad\u2013 eine Revue zu den Absurdit\u00e4ten von technischem Fortschritt und Wachstum<\/a>, bevor in <a href=\"https:\/\/re-publica.de\/session\/hype-hype-super-hype\">Hype, Hype, Super-Hype <\/a> T(echnikt)rends im Onlinejournalismus diskutiert wurden.<br \/>\nNach der Mittagspause dann <a href=\"https:\/\/re-publica.de\/session\/plaedoyer-fuer-non-profit-medienlandschaft\">Ein Pl\u00e4doyer f\u00fcr eine Non-Profit Medienlandschaft<\/a> und etwas Meta-Theorie <a href=\"https:\/\/re-publica.de\/session\/netzwerk-zur-plattformgesellschaft\">Von der Netzwerk- zur Plattformgesellschaft<\/a>.<br \/>\nSchlie\u00dflich Cory Doctorow auf der ganz gro\u00dfen B\u00fchne &#8211; <a href=\"https:\/\/re-publica.de\/session\/nsa-are-not-stasi-godwin-mass-surveillance\">The NSA are not the Stasi: Godwin for mass surveillance<\/a>.<br \/>\nUnterhaltsam weiter ging es mit <a href=\"https:\/\/re-publica.de\/session\/nudge-nudge-was-design-verhaltenspsychologie-lernen-kann\">Nudge! Nudge! \u2013 Was Design von Verhaltenspsychologie lernen kann<\/a>, <a href=\"https:\/\/re-publica.de\/session\/lasst-uns-goldig-sein-lebens-und-produktionstechnische-hinweise-zur-bewegungsfigur-kleinen\">Lasst uns goldig sein! Lebens- und produktionstechnische Hinweise zur Bewegungsfigur der kleinen und kleinsten Formen<\/a> und <a href=\"https:\/\/re-publica.de\/session\/wir-hatten-ja-nix-und-haben-wir-mitgebracht-kleine-technikmuseum\">Wir hatten ja nix \u2013 und das haben wir mitgebracht: Das kleine Technikmuseum<\/a>. Reichte dann auch.<\/p>\n<p><a href=\"https:\/\/www.flickr.com\/photos\/drikkes\/17428666575\" title=\"Photo 06.05.15 12 50 35 by -drik S., on Flickr\"><img loading=\"lazy\" decoding=\"async\" src=\"https:\/\/farm8.staticflickr.com\/7753\/17428666575_90a037efe5_b.jpg\" width=\"1024\" height=\"255\" alt=\"Photo 06.05.15 12 50 35\"><\/a><\/p>\n<h4><strong>3. Tag<\/strong><\/h4>\n<p><a href=\"https:\/\/re-publica.de\/session\/mensch-macht-maschine-wer-bestimmt-wir-morgen-arbeiten\">Mensch, Macht, Maschine \u2013 Wer bestimmt wie wir morgen arbeiten?<\/a> &#8211; Sehr bedenkenswerter Vortrag von Johannes Kleske, das Video dazu sowie mehr Infos zum Thema <a href=\"http:\/\/tautoko.info\/2015\/05\/07\/mensch-macht-maschine-auf-der-rp15\/#more-5538\">hier auf seinem Blog<\/a>.<br \/>\nDann auch mal was Zwischenmenschliches: <a href=\"https:\/\/re-publica.de\/session\/fremd-gehen-immer-nur-anderen-liebe-und-beziehung-zeiten-digitalitaet\">Fremd gehen immer nur die anderen \u2013 Liebe und Beziehung in Zeiten der Digitalit\u00e4t<\/a>, ein Erbauungsvortrag der immer lesenswerten <a href=\"http:\/\/www.journelle.de\/\">Journelle<\/a>.<br \/>\nWenn man die Arbeiten von <a href=\"http:\/\/arambartholl.com\/\">Aram Bartholl<\/a> mit einer gewissen Regelm\u00e4\u00dfigkeit verfolgt, dann hat sein Talk <a href=\"https:\/\/re-publica.de\/session\/online-offline-and-all-over-city\">Online, Offline and all-over the city<\/a> nicht wirklich Neues gebracht. Als K\u00fcnstler mag ich ihn sehr.<br \/>\n<a href=\"https:\/\/re-publica.de\/session\/unsere-stadt-auf-goldgrund\">Unsere Stadt auf Goldgrund<\/a> &#8211; Alex R\u00fchle erz\u00e4hlte sehr kurzweilig von den von ihm mitinitiierten Aktionen gegen den M\u00fcnchner Mietwahnsinn. Tolle Sachen!<br \/>\nAus <a href=\"https:\/\/re-publica.de\/session\/urban-places-public-spaces\">Urban Places \u2013 Public Spaces<\/a> fr\u00fcher raus, trotz Panel-hosting by Goethe-Institut and M\u00fcnchner Kammerspiele feat. Stefan Kaegi of RiminiProtokoll-Fame.<br \/>\nZu <a href=\"https:\/\/re-publica.de\/session\/seven-seven\">Seven on Seven<\/a> bin ich zu sp\u00e4t gekommen &#8211; die Applebaum\/WeiWei-Session war hoffnungslos \u00fcberlaufen, der B\u00fchnenzugang dicht. Die zweite H\u00e4lfte von <a href=\"https:\/\/re-publica.de\/session\/karl-kaefer-wurde-nicht-gefragt-kurze-fruehling-des-internet-things-oder-warum-wir-es-schon\">Karl der K\u00e4fer wurde nicht gefragt \u2013 der kurze Fr\u00fchling des Internet of Things (oder: warum wir es schon wieder verkacken mit dem Netz)<\/a> war nicht der schlechteste Ersatz.<br \/>\nZumal es im selben Raum wie danach <a href=\"https:\/\/re-publica.de\/session\/purpose-entry\">Purpose of Entry<\/a> stattfand.<br \/>\nMeine pers\u00f6nliche Abschlu\u00dfsession war dann das <a href=\"https:\/\/re-publica.de\/session\/bildungstrinken\">Bildungstrinken<\/a>. Es lag nicht an den dort verk\u00f6stigten Cocktails, das Auslassen der rp-Verabschiedung als Queen-Massenkaraoke hat bei mir Tradition.<\/p>\n<p><a href=\"http:\/\/1000lights.de\/rp15\/\"><img loading=\"lazy\" decoding=\"async\" src=\"http:\/\/1000lights.de\/wp-content\/uploads\/2015\/05\/rp15lights_weltrekord_rp15.jpg\" width=\"7360\" height=\"1121\" class=\"alignnone\" \/><\/a><\/p>\n<p>Nachgeholt auf YouTube habe ich mittlerweile:<br \/>\n&#8211; <a href=\"https:\/\/www.youtube.com\/watch?v=l8tTRgTqLn8&amp;index=22&amp;list=PLAR_6-tD7IZXfzL5nGmpsNjd26F3KCEcY\">Alexander Gerst: Blue Dot Mission &#8211; Sechs Monate Leben und Arbeiten auf der ISS<\/a><br \/>\n&#8211; <a href=\"https:\/\/www.youtube.com\/watch?v=nnf5tybHbHQ\">Felix Schwenzel: Kognitive Dissonanz<\/a><br \/>\n&#8211; <a href=\"https:\/\/www.youtube.com\/watch?v=CGk-iaTr9hk\">Zygmunt Bauman: From Privacy to Publicity<\/a><\/p>\n<p>Die eine oder andere Session gucke ich mir sicher noch an. in der Playlist <a href=\"https:\/\/www.youtube.com\/playlist?list=PLAR_6-tD7IZXfzL5nGmpsNjd26F3KCEcY\">re:publica 2015<\/a> finden sich \u00fcber 150 Videos. Wem das nicht reicht, der findet auf <a href=\"https:\/\/voicerepublic.com\/users\/re-publica-15\">Voice Republic<\/a> mit 338 Audiofiles wohl so ziemlich als Sessions als Tonaufzeichnung.<\/div>\n<div class=\"syndication-links\"><\/div>","protected":false},"excerpt":{"rendered":"<div class='e-content p-summary'>1. Tag Erst an diesem Morgen in Berlin angekommen. Und man m\u00f6chte ja auch nicht in der gr\u00f6\u00dften Andrangschlange stehen &#8211; zumal man sich damit auch zugleich um dr\u00f6ge Dankesreden zur Begr\u00fc\u00dfung der Sponsoren dr\u00fccken kann. Somit war mein erster Vortrag Die Abschaffung der Wahrheit &#8211; Friedemann Karigs (ich wollte jetzt nicht wirklich &#8220;humorvolle Abrechnung&#8221; [&hellip;]<\/div>\n","protected":false},"author":1,"featured_media":0,"comment_status":"open","ping_status":"open","sticky":false,"template":"","format":"standard","meta":{"mf2_syndication":[],"cybocfi_hide_featured_image":"","webmentions_disabled_pings":false,"webmentions_disabled":false,"footnotes":""},"categories":[198,142],"tags":[1846,269,150,1845],"class_list":{"0":"post-9485","1":"post","2":"type-post","3":"status-publish","4":"format-standard","6":"category-netzeug","7":"category-uber-arbeit","8":"tag-1846","9":"tag-berlin","10":"tag-republica","11":"tag-rp15","12":"h-entry","13":"hentry"},"_links":{"self":[{"href":"https:\/\/drikkes.com\/index.php?rest_route=\/wp\/v2\/posts\/9485","targetHints":{"allow":["GET"]}}],"collection":[{"href":"https:\/\/drikkes.com\/index.php?rest_route=\/wp\/v2\/posts"}],"about":[{"href":"https:\/\/drikkes.com\/index.php?rest_route=\/wp\/v2\/types\/post"}],"author":[{"embeddable":true,"href":"https:\/\/drikkes.com\/index.php?rest_route=\/wp\/v2\/users\/1"}],"replies":[{"embeddable":true,"href":"https:\/\/drikkes.com\/index.php?rest_route=%2Fwp%2Fv2%2Fcomments&post=9485"}],"version-history":[{"count":8,"href":"https:\/\/drikkes.com\/index.php?rest_route=\/wp\/v2\/posts\/9485\/revisions"}],"predecessor-version":[{"id":9644,"href":"https:\/\/drikkes.com\/index.php?rest_route=\/wp\/v2\/posts\/9485\/revisions\/9644"}],"wp:attachment":[{"href":"https:\/\/drikkes.com\/index.php?rest_route=%2Fwp%2Fv2%2Fmedia&parent=9485"}],"wp:term":[{"taxonomy":"category","embeddable":true,"href":"https:\/\/drikkes.com\/index.php?rest_route=%2Fwp%2Fv2%2Fcategories&post=9485"},{"taxonomy":"post_tag","embeddable":true,"href":"https:\/\/drikkes.com\/index.php?rest_route=%2Fwp%2Fv2%2Ftags&post=9485"}],"curies":[{"name":"wp","href":"https:\/\/api.w.org\/{rel}","templated":true}]}}