{"id":8367,"date":"2014-07-30T18:47:58","date_gmt":"2014-07-30T16:47:58","guid":{"rendered":"http:\/\/drikkes.com\/?p=8367"},"modified":"2014-07-30T18:47:58","modified_gmt":"2014-07-30T16:47:58","slug":"aufzueglichkeiten","status":"publish","type":"post","link":"https:\/\/drikkes.com\/?p=8367","title":{"rendered":"Aufz\u00fcglichkeiten"},"content":{"rendered":"<div class='e-content'>Zwei Texte \u00fcber Aufz\u00fcge in der letzten Zeit:<\/p>\n<p>Auf <a href=\"http:\/\/anderstark.de\/blog\/die-barrieren-in-den-koepfen\/\">anderstark.de\/<\/a> berichtet <a href=\"http:\/\/kaiserinnenreich.de\/\">Mareice<\/a> recht eindr\u00fccklich davon, wie sich ihre Nutzung \u00f6ffentlicher Verkehrsmittel seit der Geburt der beiden T\u00f6chter ver\u00e4ndert hat. Denn mit so einem Doppelkinderwagen ist man auf die Benutzung vieler Aufz\u00fcge angewiesen, die sich meist als Zeit und Nerven aufreibende Nadel\u00f6hre erweisen. Wobei man besser nicht auf Verst\u00e4ndnis seitens der Mitmenschen hoffen kann. Leider.<\/p>\n<p>Derselbe Tenor schl\u00e4gt sich in Patricias <a href=\"http:\/\/dasnuf.de\/experimente\/aufzughonks\/\">Aufzugshonks<\/a> benamtem Blogpost nieder. Leute, die es eigentlich gar nicht n\u00f6tig h\u00e4tten, den Lift zu benutzen &#8211; und ihn zum Ausgleich aber auch nicht richtig bedienen k\u00f6nnen.<\/p>\n<figure style=\"width: 4806px\" class=\"wp-caption alignnone\"><a href=\"http:\/\/www.ratsportal.krefeld.de\/C125747E003B4F9F\/0\/F21FAB5DC0F71F5BC12578920050EC85\"><img loading=\"lazy\" decoding=\"async\" src=\"http:\/\/www.ratsportal.krefeld.de\/c125747a0021daea\/files\/aufzug_museum_linn.jpg\/$file\/aufzug_museum_linn.jpg\" width=\"4806\" height=\"3552\" class \/><\/a><figcaption class=\"wp-caption-text\">Supersymbolbild auch, Krefeld. Well done!<\/figcaption><\/figure>\n<p>Toll, mal andere Sichtweisen auf das Problem der Stockwerkbew\u00e4ltigung zu bekommen. Denn meine Sichtweise ist eine ganz andere, was naturgem\u00e4\u00df an der Selektivit\u00e4t jeglicher Wahrnehmung liegt. Ich bin zum Gl\u00fcck kaum noch mit dem Kinderwagen unterwegs, auch vorher war das Angewiesensein auf Aufz\u00fcge eher die Ausnahme. Stattdessen pendele ich zwischen K\u00f6ln und D\u00fcsseldorf, bin also mehrmals f\u00fcnf Tage die Woche mit der Situation konfrontiert, Hauptbahnhfsgleise erklimmen oder absteigen zu m\u00fcssen.<\/p>\n<p>Gerade sind Sommerferien, da mischen sich zwischen die Pendler \u00fcberdurchschnittlich viele Urlaubsreisende. Dieser gep\u00e4ckschleppende Menschenschlag scheint eine regelrechte Aversion, wenn nicht gar ausgewachsene Allergie gegen <a href=\"https:\/\/twitter.com\/nouveaubeton\/status\/494405797972295680\">Aufz\u00fcge<\/a> zu haben. Riesige Sporttaschen, R\u00fccks\u00e4cke und frei drehende Rollkoffer werden beidh\u00e4ndig die Treppen wahlweise rauf- oder runtergeschleppt &#8211; gerade da, wo sich sich der Strom am besten bremsen l\u00e4sst. Schwankend unter dem Gewicht der Gep\u00e4ckst\u00fccke schafft man es so, bis zu drei Reihen Mitreisende auf dem Weg vom Zug zur Stra\u00dfenbahn aufzuhalten.<\/p>\n<p>(Das sind nat\u00fcrlich jedes Mal nur ein paar Sekunden Verzug und ist an Nervigkeit bei Weitem nicht mit den Problemen in oben erw\u00e4hnten Aufzugtexten vergleichbar. Weshalb ich unter Derailinggefahr auch keinen von beiden kommentiert habe.)<\/p>\n<p>In <a href=\"http:\/\/www.welt.de\/reise\/staedtereisen\/article130633697\/Ranghoechste-verlassen-den-Fahrstuhl-als-Erste.html\">Japan<\/a> scheint das mit der Aufzugbenutzung \u00fcbrigens noch eine (haha!) Stufe komplizierter zu sein.<\/div>\n<div class=\"syndication-links\"><\/div>","protected":false},"excerpt":{"rendered":"<div class='e-content p-summary'>Zwei Texte \u00fcber Aufz\u00fcge in der letzten Zeit: Auf anderstark.de\/ berichtet Mareice recht eindr\u00fccklich davon, wie sich ihre Nutzung \u00f6ffentlicher Verkehrsmittel seit der Geburt der beiden T\u00f6chter ver\u00e4ndert hat. Denn mit so einem Doppelkinderwagen ist man auf die Benutzung vieler Aufz\u00fcge angewiesen, die sich meist als Zeit und Nerven aufreibende Nadel\u00f6hre erweisen. Wobei man besser [&hellip;]<\/div>\n","protected":false},"author":1,"featured_media":0,"comment_status":"open","ping_status":"open","sticky":false,"template":"","format":"standard","meta":{"mf2_syndication":[],"cybocfi_hide_featured_image":"","webmentions_disabled_pings":false,"webmentions_disabled":false,"footnotes":""},"categories":[1],"tags":[1727,1728,1731,1732,1729,1730],"class_list":{"0":"post-8367","1":"post","2":"type-post","3":"status-publish","4":"format-standard","6":"category-allgemein","7":"tag-aufzug","8":"tag-aufzuege","9":"tag-bahnhof","10":"tag-bahnhoefe","11":"tag-lift","12":"tag-treppen","13":"h-entry","14":"hentry"},"_links":{"self":[{"href":"https:\/\/drikkes.com\/index.php?rest_route=\/wp\/v2\/posts\/8367","targetHints":{"allow":["GET"]}}],"collection":[{"href":"https:\/\/drikkes.com\/index.php?rest_route=\/wp\/v2\/posts"}],"about":[{"href":"https:\/\/drikkes.com\/index.php?rest_route=\/wp\/v2\/types\/post"}],"author":[{"embeddable":true,"href":"https:\/\/drikkes.com\/index.php?rest_route=\/wp\/v2\/users\/1"}],"replies":[{"embeddable":true,"href":"https:\/\/drikkes.com\/index.php?rest_route=%2Fwp%2Fv2%2Fcomments&post=8367"}],"version-history":[{"count":8,"href":"https:\/\/drikkes.com\/index.php?rest_route=\/wp\/v2\/posts\/8367\/revisions"}],"predecessor-version":[{"id":8414,"href":"https:\/\/drikkes.com\/index.php?rest_route=\/wp\/v2\/posts\/8367\/revisions\/8414"}],"wp:attachment":[{"href":"https:\/\/drikkes.com\/index.php?rest_route=%2Fwp%2Fv2%2Fmedia&parent=8367"}],"wp:term":[{"taxonomy":"category","embeddable":true,"href":"https:\/\/drikkes.com\/index.php?rest_route=%2Fwp%2Fv2%2Fcategories&post=8367"},{"taxonomy":"post_tag","embeddable":true,"href":"https:\/\/drikkes.com\/index.php?rest_route=%2Fwp%2Fv2%2Ftags&post=8367"}],"curies":[{"name":"wp","href":"https:\/\/api.w.org\/{rel}","templated":true}]}}