{"id":767,"date":"2010-05-05T18:25:32","date_gmt":"2010-05-05T17:25:32","guid":{"rendered":"http:\/\/drikkes.com\/?p=767"},"modified":"2010-05-05T18:26:17","modified_gmt":"2010-05-05T17:26:17","slug":"sammelklage","status":"publish","type":"post","link":"https:\/\/drikkes.com\/?p=767","title":{"rendered":"Sammelklage"},"content":{"rendered":"<div class='e-content'>Nat\u00fcrlich sind Blogs Geschw\u00e4tz, da hat der Schneiderwolf schon <a href=\"http:\/\/www.tagesspiegel.de\/medien\/die-meisten-blogs-sind-geschwaetz\/1814164.html\">recht<\/a>. Wenn man denn alle \u00fcber einen Kamm scheren m\u00f6chte, dann bitte auch ordentlich. Ich will hier ja gar nicht gegenrasieren, von wegen der Herr l\u00e4\u00dft sich das Internet von seiner Frau ausdrucken. Denn ich wei\u00df gar nicht, wie ich das finden soll. Optimistisch gedacht, w\u00fcrde ich sagen: &#8220;Toll, scheinbar ist Frau Schneider ein wenig moderner als ihr sprachp\u00e4pstlicher Ehemann.&#8221; Aber die Wahrheit sieht wohl eher so aus, da\u00df die werte Gattin neben Putzfrau und K\u00f6chin auch noch die Tippse geben darf. Die Haltung &#8220;Mit dem Internetkram kann sich meine Sekret\u00e4rin rumschlagen.&#8221; ist sicher unter deutschen Wirtschaftsbossen <a href=\"http:\/\/www.innovativ-in.de\/blog\/2010\/05\/04\/auf-den-punkt-trigema-chef-wolfgang-grupp-zum-web\/\">kein Einzelfall<\/a>, m\u00f6chte ich wetten.<\/p>\n<p>Was dabei herauskommt, wenn Firmen bzw. deren leitende Angestellte von den Mechanismen des internets keine Ahnung haben, kann man sich gerade sehr gut am Beispiel von <a href=\"http:\/\/www.schwalbe.com\/\">Schwalbe<\/a> anschauen: Der Hersteller von Fahrradreifen hat doch tats\u00e4chlich einen <a href=\"http:\/\/www.tomsbikecorner.de\/fahrrad-tipps\/abmahnung-ralf-bohle-schwalbe\">Laden abgemahnt<\/a>, der seine Produkte verkauft. Auch wenn das Unternehmen das Recht auf seiner Seite hat &#8211; im Ernst: Wie bl\u00f6d kann man sein?<br \/>\nDie katholische Kirche am Beispiel der Di\u00f6zese Regensburg hingegen scheint dem Netz einiges zuzutrauen und mahnt nicht nur Blogs ab, die negativ \u00fcber sie und den Kindesmissbrauchsfall eines Pfarrers, sondern auch gleich Journalisten, welche <del datetime=\"2010-05-05T16:42:58+00:00\">nur<\/del> \u00fcber den Abmahnungsvorgang selbst <a href=\"http:\/\/www.stefan-niggemeier.de\/blog\/dioezese-regensburg-niggemeier\/\">berichten<\/a>.<\/p>\n<p><img loading=\"lazy\" decoding=\"async\" src=\"https:\/\/drikkes.com\/wp-content\/uploads\/2010\/05\/deskfuck.gif\" alt=\"\" title=\"deskfuck\" width=\"498\" height=\"264\" class=\"alignleft size-full wp-image-771\" srcset=\"https:\/\/drikkes.com\/wp-content\/uploads\/2010\/05\/deskfuck.gif 498w, https:\/\/drikkes.com\/wp-content\/uploads\/2010\/05\/deskfuck-300x159.gif 300w\" sizes=\"auto, (max-width: 498px) 100vw, 498px\" \/><\/p>\n<p>Ich habe diese <a href=\"https:\/\/epetitionen.bundestag.de\/index.php?action=petition;sa=details;petition=11400\">offizielle Petition zur Hebammenhilfe<\/a> unterzeichnet und Sie schaffen das auch. Mehr Infos dazu von <a href=\"http:\/\/situationen.wordpress.com\/2010\/05\/04\/hebammen\/\">hier<\/a> aus.<\/p>\n<p>In eigener Sache: Noch kurz zu <a href=\"https:\/\/flattr.com\/\">flattr<\/a>. Ich habe den Button jetzt auch bei mir eingebaut. Nicht weil ich hoffe, damit reich zu werden, sondern weil ich das soweit wie m\u00f6glich pushen m\u00f6chte. Nach dieser schnellen <a href=\"http:\/\/flattr.com\/support\/messages\/view\/id\/119\/key\/2472a5fb61d584922919a39c781ecb64\">Antwort<\/a> bin ich n\u00e4mlich noch ein kleines St\u00fcckchen mehr begeistert von diesem Service.<\/div>\n<div class=\"syndication-links\"><\/div>","protected":false},"excerpt":{"rendered":"<div class='e-content p-summary'>Nat\u00fcrlich sind Blogs Geschw\u00e4tz, da hat der Schneiderwolf schon recht. Wenn man denn alle \u00fcber einen Kamm scheren m\u00f6chte, dann bitte auch ordentlich. Ich will hier ja gar nicht gegenrasieren, von wegen der Herr l\u00e4\u00dft sich das Internet von seiner Frau ausdrucken. Denn ich wei\u00df gar nicht, wie ich das finden soll. Optimistisch gedacht, w\u00fcrde [&hellip;]<\/div>\n","protected":false},"author":1,"featured_media":0,"comment_status":"open","ping_status":"open","sticky":false,"template":"","format":"standard","meta":{"mf2_syndication":[],"cybocfi_hide_featured_image":"","webmentions_disabled_pings":false,"webmentions_disabled":false,"footnotes":""},"categories":[1],"tags":[171,168,158,172,173,174,170,169,167],"class_list":{"0":"post-767","1":"post","2":"type-post","3":"status-publish","4":"format-standard","6":"category-allgemein","7":"tag-abmahnung","8":"tag-blogs","9":"tag-flattr","10":"tag-hebammen","11":"tag-hebammenprotest","12":"tag-petition","13":"tag-schwalbe","14":"tag-trigema","15":"tag-wolf-schneider","16":"h-entry","17":"hentry"},"_links":{"self":[{"href":"https:\/\/drikkes.com\/index.php?rest_route=\/wp\/v2\/posts\/767","targetHints":{"allow":["GET"]}}],"collection":[{"href":"https:\/\/drikkes.com\/index.php?rest_route=\/wp\/v2\/posts"}],"about":[{"href":"https:\/\/drikkes.com\/index.php?rest_route=\/wp\/v2\/types\/post"}],"author":[{"embeddable":true,"href":"https:\/\/drikkes.com\/index.php?rest_route=\/wp\/v2\/users\/1"}],"replies":[{"embeddable":true,"href":"https:\/\/drikkes.com\/index.php?rest_route=%2Fwp%2Fv2%2Fcomments&post=767"}],"version-history":[{"count":11,"href":"https:\/\/drikkes.com\/index.php?rest_route=\/wp\/v2\/posts\/767\/revisions"}],"predecessor-version":[{"id":780,"href":"https:\/\/drikkes.com\/index.php?rest_route=\/wp\/v2\/posts\/767\/revisions\/780"}],"wp:attachment":[{"href":"https:\/\/drikkes.com\/index.php?rest_route=%2Fwp%2Fv2%2Fmedia&parent=767"}],"wp:term":[{"taxonomy":"category","embeddable":true,"href":"https:\/\/drikkes.com\/index.php?rest_route=%2Fwp%2Fv2%2Fcategories&post=767"},{"taxonomy":"post_tag","embeddable":true,"href":"https:\/\/drikkes.com\/index.php?rest_route=%2Fwp%2Fv2%2Ftags&post=767"}],"curies":[{"name":"wp","href":"https:\/\/api.w.org\/{rel}","templated":true}]}}