{"id":6026,"date":"2012-11-09T14:26:20","date_gmt":"2012-11-09T12:26:20","guid":{"rendered":"http:\/\/drikkes.com\/?p=6026"},"modified":"2013-02-09T20:51:52","modified_gmt":"2013-02-09T18:51:52","slug":"nebelkurzen","status":"publish","type":"post","link":"https:\/\/drikkes.com\/?p=6026","title":{"rendered":"Nebelk\u00fcrzen"},"content":{"rendered":"<div class='e-content'>\n<blockquote class=\"twitter-tweet tw-align-center\" data-in-reply-to=\"266797945947561984\" width=\"350\">\n<p>@<a href=\"https:\/\/twitter.com\/function\">function<\/a> bleibt abzuwarten, wieviele Abgeordnete von SPD und Gr\u00fcnen ihre Zahlen einfach trotzdem ver\u00f6ffentlichen. <a href=\"https:\/\/twitter.com\/search\/%23LassDich\u00dcberraschen\">#LassDich\u00dcberraschen<\/a><\/p>\n<p>&mdash; die ennomane (@ennomane) <a href=\"https:\/\/twitter.com\/ennomane\/status\/266810799010496513\" data-datetime=\"2012-11-09T07:53:46+00:00\">November 9, 2012<\/a><\/p><\/blockquote>\n<p><script src=\"\/\/platform.twitter.com\/widgets.js\" charset=\"utf-8\"><\/script>Das hat gesessen. Seltsam genug, da\u00df die SPD erst gehandelt hat, als ihr Kanzlerkanditat in die Kritik geraten ist. Nat\u00fcrlich mu\u00dfte Steinbr\u00fcck in die Offensive gehen, um nicht noch vor dem Start ums Regierungswechselrennen auf der Strecke zu bleiben. Er konnte das nur, weil er sich rein formell kaum etwas hat zu Schulden kommen lassen. Aber gilt das f\u00fcr alle Abgeordnete der Opposition? Wer glaubt denn nicht, da\u00df <a href=\"http:\/\/www.tagesschau.de\/inland\/nebeneinkuenfte126.html\">dieser Antrag<\/a> einzig deshalb aus Berechnung eingebracht worden ist, weil man eben um sein Scheitern im Vorhinein wu\u00dfte? Wenn es der Opposition tats\u00e4chlich um die Sache ginge, dann k\u00f6nnten ihre Mitglieder ja dem Vorschlag der <a href=\"https:\/\/twitter.com\/ennomane\/statuses\/266810799010496513\">@ennomane<\/a> folgen. Als ob sie irgendjemand davon abhielte, die Zahlen zu ver\u00f6ffentlichen. Sollen sie doch mit gutem Beispiel vorangehen und das rechte Lager wirklich unter Zugzwang setzen, statt mit solch einem wahltaktischen H\u00fctchenspiel um die Ecke zu kommen.  <\/p>\n<p>Noch seltsamer, da\u00df <a href=\"http:\/\/www.spiegel.de\/politik\/deutschland\/umfrage-steinbrueck-buesst-sympathien-bei-den-waehlern-ein-a-866196.html\">Steinbr\u00fcck in den Umfragen abgestraft<\/a> wird, obwohl die Abgeordneten von CDU\/CSU und FDP in Hinsicht auf Nebeneink\u00fcnfte sicherlich <a href=\"http:\/\/www.neunetz.com\/2012\/11\/09\/mep-arbeitete-an-deal-mit-sony-music-wahrend-er-im-eu-parlament-uber-urheberrechte-mit-entschied\/\">erkl\u00e4rungsnotd\u00fcrftiger<\/a> dastehen d\u00fcrften als die Kollegen links von ihnen. Es ist mir nahezu unbegreiflich, warum die christlichen Koalitionsf\u00fchrerschaftsparteien gerade jetzt so gut angesehen sind wie im Jahre 2007. Am gerade <a href=\"http:\/\/www.faz.net\/aktuell\/politik\/inland\/kindererziehung-bundestag-beschliesst-umstrittenes-betreuungsgeld-11955342.html\">frisch beschlossenen Betreuungsgeld<\/a> kann es jedenfalls nicht liegen, das lehnen sowohl die Mehrheit der Bev\u00f6lkerung als auch jeder ernstzunehmende Familienexperte ab. Selbst konservative Medien nennen es &#8220;umstritten&#8221; &#8211; was auf ungut deutsch soviel hei\u00dft wie &#8220;totaler Schwachsinn&#8221;. <\/p>\n<p>Nach Obamas Wiederwahl kehrt bei der Analyse ein Argument f\u00fcr Romneys Niederlage st\u00e4ndig wieder: die <a href=\"http:\/\/davidsimon.com\/inevitabilities-and-barack-obama\/\">R\u00fcckst\u00e4ndigkeit der Republikaner<\/a> sowie <a href=\"http:\/\/www.tagesspiegel.de\/politik\/uswahl\/us-wahl-romney-war-ein-kandidat-von-gestern-\/7357020-2.html\">ihres Kandidaten<\/a>. Warum schafft es die SPD dann nicht so recht, Stimmung gegen die Regierung zu machen? Weil man in der SPD nicht modern ist, sondern sich modern positioniert. Das Thema taugt halt gut zum Wahlkampf. Dabei ist die Gesamtlage bei weitem nicht so einfach, wie sie gerne polemisch dargestellt wird. Denn Peer Steinbr\u00fcck ist bis vor Kurzem nicht gerade durch seine \u00fcberbordende Kinderliebe aufgefallen. Und nicht alle SPD-gef\u00fchrten Bundesl\u00e4nder bilden die vorbildhafte Speerspitze beim Ausbau der KiTa-Pl\u00e4tze.<\/p>\n<p><a href=\"http:\/\/twitpic.com\/bbnd6x\"><img loading=\"lazy\" decoding=\"async\" src=\"https:\/\/drikkes.com\/wp-content\/uploads\/2012\/11\/684693897.jpeg\" alt=\"Seehofer Schr\u00f6der Betreuungsgeld\" title=\"684693897\" width=\"842\" height=\"595\" class=\"alignleft size-full wp-image-6054\" srcset=\"https:\/\/drikkes.com\/wp-content\/uploads\/2012\/11\/684693897.jpeg 842w, https:\/\/drikkes.com\/wp-content\/uploads\/2012\/11\/684693897-300x211.jpg 300w\" sizes=\"auto, (max-width: 842px) 100vw, 842px\" \/><\/a><\/p>\n<p>Die B\u00fcrger kommen derweil mit dem Abwinken gar nicht mehr hinterher.<\/p><\/div>\n<div class=\"syndication-links\"><\/div>","protected":false},"excerpt":{"rendered":"<div class='e-content p-summary'>@function bleibt abzuwarten, wieviele Abgeordnete von SPD und Gr\u00fcnen ihre Zahlen einfach trotzdem ver\u00f6ffentlichen. #LassDich\u00dcberraschen &mdash; die ennomane (@ennomane) November 9, 2012 Das hat gesessen. Seltsam genug, da\u00df die SPD erst gehandelt hat, als ihr Kanzlerkanditat in die Kritik geraten ist. Nat\u00fcrlich mu\u00dfte Steinbr\u00fcck in die Offensive gehen, um nicht noch vor dem Start ums [&hellip;]<\/div>\n","protected":false},"author":1,"featured_media":0,"comment_status":"open","ping_status":"open","sticky":false,"template":"","format":"standard","meta":{"mf2_syndication":[],"cybocfi_hide_featured_image":"","webmentions_disabled_pings":false,"webmentions_disabled":false,"footnotes":""},"categories":[1],"tags":[1453,1452,1044,1451],"class_list":{"0":"post-6026","1":"post","2":"type-post","3":"status-publish","4":"format-standard","6":"category-allgemein","7":"tag-betreuungsgeld","8":"tag-nebeneinkunfte","9":"tag-spd","10":"tag-steinbruck","11":"h-entry","12":"hentry"},"_links":{"self":[{"href":"https:\/\/drikkes.com\/index.php?rest_route=\/wp\/v2\/posts\/6026","targetHints":{"allow":["GET"]}}],"collection":[{"href":"https:\/\/drikkes.com\/index.php?rest_route=\/wp\/v2\/posts"}],"about":[{"href":"https:\/\/drikkes.com\/index.php?rest_route=\/wp\/v2\/types\/post"}],"author":[{"embeddable":true,"href":"https:\/\/drikkes.com\/index.php?rest_route=\/wp\/v2\/users\/1"}],"replies":[{"embeddable":true,"href":"https:\/\/drikkes.com\/index.php?rest_route=%2Fwp%2Fv2%2Fcomments&post=6026"}],"version-history":[{"count":29,"href":"https:\/\/drikkes.com\/index.php?rest_route=\/wp\/v2\/posts\/6026\/revisions"}],"predecessor-version":[{"id":6258,"href":"https:\/\/drikkes.com\/index.php?rest_route=\/wp\/v2\/posts\/6026\/revisions\/6258"}],"wp:attachment":[{"href":"https:\/\/drikkes.com\/index.php?rest_route=%2Fwp%2Fv2%2Fmedia&parent=6026"}],"wp:term":[{"taxonomy":"category","embeddable":true,"href":"https:\/\/drikkes.com\/index.php?rest_route=%2Fwp%2Fv2%2Fcategories&post=6026"},{"taxonomy":"post_tag","embeddable":true,"href":"https:\/\/drikkes.com\/index.php?rest_route=%2Fwp%2Fv2%2Ftags&post=6026"}],"curies":[{"name":"wp","href":"https:\/\/api.w.org\/{rel}","templated":true}]}}