{"id":3537,"date":"2009-02-13T13:59:46","date_gmt":"2009-02-13T12:59:46","guid":{"rendered":"http:\/\/drikkes.wordpress.com\/?p=843"},"modified":"2011-01-15T11:33:33","modified_gmt":"2011-01-15T10:33:33","slug":"rutschiputschi","status":"publish","type":"post","link":"https:\/\/drikkes.com\/?p=3537","title":{"rendered":"Rutschiputschi"},"content":{"rendered":"<div class='e-content'>Ladenpopaden. Unnu? Algen, \u00fcberallgen und kein Land in Sicht. Wo doch alle von Schutz reden&#8230;  Da <a href=\"http:\/\/failblog.org\/2009\/02\/12\/frisk-fail\/\">durchsucht<\/a> man das Internet t\u00e4glich nach <a href=\"http:\/\/zeu.ch\/\">zeu.ch\/<\/a> und dann kommt <a href=\"http:\/\/www.lastnightsparty.com\/smashitupp\/slides\/IMG_8373.html\">sowas<\/a> dabei raus. Auch wenn es nie anders gewesen ist, das <strong>www<\/strong> ist nicht mehr dasselbe; die Gewohnheiten \u00e4ndern sich.<br \/>\nZum Beispiel <a href=\"http:\/\/www.ehrensenf.de\/\">ehrensenf.de\/<\/a>: habe ich fr\u00fcher fast t\u00e4glich angesteuert, heute so gut wie \u00fcberhaupt nicht mehr. Obwohl die Sendung &#8211; soweit ich mich erinnern kann &#8211; nicht dramatisch schlechter geworden ist.<\/p>\n<p><figure id=\"attachment_842\" aria-describedby=\"caption-attachment-842\" style=\"width: 175px\" class=\"wp-caption alignleft\"><img loading=\"lazy\" decoding=\"async\" src=\"http:\/\/drikkes.files.wordpress.com\/2009\/02\/bild-22.png\" alt=\"feed meat\" title=\"bild-22\" width=\"175\" height=\"125\" class=\"size-full wp-image-842\" \/><figcaption id=\"caption-attachment-842\" class=\"wp-caption-text\">feed meat<\/figcaption><\/figure>Aber gespeichert ist der Kramladen hier schonoder? Vocodeocoder, Leuchtaugendiode. &#8220;Felicitas von Lovenberg weist in der Leitglosse auf einen Artikel des amerikanischen Literaturforschers James Kaufman in der Zeitschrift <em>Death Studies<\/em> hin, der nachweist, da\u00df Lyriker mit 62,2 Jahren sterben, w\u00e4hrend es Romanciers im Schnitt immerhin auf 66 Jahre bringen.&#8221; Zumindest habe ich das so \u00e4hnlich vor fast f\u00fcnf Jahren in der Feuilleton-Rundschau bei <a href=\"http:\/\/www.perlentaucher.de\">perlentaucher.de\/<\/a> gelesen. Wo die Leitglosse gestanden hat? Keine Ahnung. Den <em>Perlentaucher<\/em> lese ich auch nicht mehr.<\/p>\n<p><strong>Quoth the raven, &#8216;Nevermore&#8217;<\/strong><\/p>\n<p><figure id=\"attachment_846\" aria-describedby=\"caption-attachment-846\" style=\"width: 177px\" class=\"wp-caption alignleft\"><img loading=\"lazy\" decoding=\"async\" src=\"http:\/\/drikkes.files.wordpress.com\/2009\/02\/bild-32.png\" alt=\"third bird\" title=\"bild-32\" width=\"177\" height=\"150\" class=\"size-full wp-image-846\" \/><figcaption id=\"caption-attachment-846\" class=\"wp-caption-text\">third bird<\/figcaption><\/figure>Ich bin jetzt w\u00e4hrend der Arbeit komplett zu TweetDeck \u00fcbergegangen. Kannte mit Sicherheit noch nicht alle Funktionen, da gibt es seit heute schon ein neues Update, welches <a href=\"http:\/\/www.richardbarley.com\/2009\/02\/12\/tweetdeck-goes-global-with-latest-update\/\">hier<\/a> ganz gut erkl\u00e4rt wird. Trotz kleinerer Zicken eine gute Sache, aber das mit den Google-\u00dcbersetzungen lieber sein lassen. Oder man hat Spa\u00df.<\/p>\n<p>Dem T sei&#8217;s gedankt.<\/p><\/div>\n<div class=\"syndication-links\"><\/div>","protected":false},"excerpt":{"rendered":"<div class='e-content p-summary'>Ladenpopaden. Unnu? Algen, \u00fcberallgen und kein Land in Sicht. Wo doch alle von Schutz reden&#8230; Da durchsucht man das Internet t\u00e4glich nach zeu.ch\/ und dann kommt sowas dabei raus. Auch wenn es nie anders gewesen ist, das www ist nicht mehr dasselbe; die Gewohnheiten \u00e4ndern sich. Zum Beispiel ehrensenf.de\/: habe ich fr\u00fcher fast t\u00e4glich angesteuert, [&hellip;]<\/div>\n","protected":false},"author":1,"featured_media":0,"comment_status":"open","ping_status":"open","sticky":false,"template":"","format":"standard","meta":{"mf2_syndication":[],"cybocfi_hide_featured_image":"","webmentions_disabled_pings":false,"webmentions_disabled":false,"footnotes":""},"categories":[1],"tags":[661,929,1118,16],"class_list":{"0":"post-3537","1":"post","2":"type-post","3":"status-publish","4":"format-standard","6":"category-allgemein","7":"tag-ehrensenf","8":"tag-perlentaucher","9":"tag-tweetdeck","10":"tag-twitter","11":"h-entry","12":"hentry"},"_links":{"self":[{"href":"https:\/\/drikkes.com\/index.php?rest_route=\/wp\/v2\/posts\/3537","targetHints":{"allow":["GET"]}}],"collection":[{"href":"https:\/\/drikkes.com\/index.php?rest_route=\/wp\/v2\/posts"}],"about":[{"href":"https:\/\/drikkes.com\/index.php?rest_route=\/wp\/v2\/types\/post"}],"author":[{"embeddable":true,"href":"https:\/\/drikkes.com\/index.php?rest_route=\/wp\/v2\/users\/1"}],"replies":[{"embeddable":true,"href":"https:\/\/drikkes.com\/index.php?rest_route=%2Fwp%2Fv2%2Fcomments&post=3537"}],"version-history":[{"count":2,"href":"https:\/\/drikkes.com\/index.php?rest_route=\/wp\/v2\/posts\/3537\/revisions"}],"predecessor-version":[{"id":3797,"href":"https:\/\/drikkes.com\/index.php?rest_route=\/wp\/v2\/posts\/3537\/revisions\/3797"}],"wp:attachment":[{"href":"https:\/\/drikkes.com\/index.php?rest_route=%2Fwp%2Fv2%2Fmedia&parent=3537"}],"wp:term":[{"taxonomy":"category","embeddable":true,"href":"https:\/\/drikkes.com\/index.php?rest_route=%2Fwp%2Fv2%2Fcategories&post=3537"},{"taxonomy":"post_tag","embeddable":true,"href":"https:\/\/drikkes.com\/index.php?rest_route=%2Fwp%2Fv2%2Ftags&post=3537"}],"curies":[{"name":"wp","href":"https:\/\/api.w.org\/{rel}","templated":true}]}}