{"id":20586,"date":"2026-04-25T12:52:45","date_gmt":"2026-04-25T11:52:45","guid":{"rendered":"https:\/\/drikkes.com\/?p=20586"},"modified":"2026-04-26T10:05:51","modified_gmt":"2026-04-26T09:05:51","slug":"abivalenzoffensive-ja-oder-nein","status":"publish","type":"post","link":"https:\/\/drikkes.com\/?p=20586","title":{"rendered":"Ambivalenzoffensive \u2013 ja oder nein?"},"content":{"rendered":"<div class='e-content'>\n<p>\u00dcberlege, eine Kanzlergewerkschaft zu gr\u00fcnden, damit \u2013 wenn ich sp\u00e4ter Regierungsoberhaupt der Bundesrepublik Deutschland werde \u2013 meine arbeitsrechtlichen und gesellschaftspolitischen Interessen besser vertreten werden.<br \/>Aber der eigentliche Grund ist nat\u00fcrlich, da\u00df in der Zwischenzeit meine pers\u00f6nlich personalisierten Werbebriefe an Friedrich Merz, die ihn vom Beitritt in diese Gewerschaft \u00fcberzeugen sollen, fucking hilarious w\u00e4ren.<\/p>\n\n\n\n<p>In other news: <a href=\"https:\/\/taz.de\/FC-Bayern-holt-die-Meisterschaft-Die-langweiligste-Liga-der-Welt\/!6172343\/\">Die langweiligste Liga der Welt<\/a><\/p>\n\n\n\n<hr class=\"wp-block-separator has-alpha-channel-opacity\"\/>\n\n\n<button class=\"custom-share-button\">Teilen<\/button>\n        <div id=\"share-options\" style=\"display: none;\">\n            <br>\n            <\/br>\n\t\t\t<p><em>Sharing is caring.<\/em><\/p>\n                <label for=\"entry-permalink\">Permalink<\/label>\n                <input id=\"entry-permalink\" class=\"u-url url u-uid uid bookmark\" type=\"text\" value=\"https:\/\/drikkes.com\/?p=20586\" \/>\n            <\/p>\n            <p>\n                <label for=\"entry-summary\">HTML<\/label>\n                <textarea id=\"entry-summary\" class=\"code\" type=\"text\" rows=\"5\" cols=\"70\">&lt;cite class=&quot;h-cite&quot;&gt;&lt;a class=&quot;u-url p-name&quot; href=&quot;https:\/\/drikkes.com\/?p=20586&quot;&gt;Ambivalenzoffensive \u2013 ja oder nein?&lt;\/a&gt; (&lt;span class=&quot;p-author h-card&quot; title=&quot;<span class='p-author h-card'>drikkes<\/span>&quot;&gt;<span class='p-author h-card'>drikkes<\/span>&lt;\/span&gt; &lt;time class=&quot;dt-published&quot; datetime=&quot;2026-04-25T12:52:45+01:00&quot;&gt;25\/04\/2026&lt;\/time&gt;)&lt;\/cite&gt;<\/textarea>\n            <\/p><\/div>\n<\/div><div class=\"syndication-links\"><span class=\"relsyn\"><data class=\"u-syndication\" value=\"https:\/\/bsky.app\/profile\/drikk.es\/post\/3mkczbgfguh2v\"><\/data> <data class=\"u-syndication\" value=\"https:\/\/micro.blog\/drikkes\/88982457\"><\/data> <data class=\"u-syndication\" value=\"https:\/\/www.threads.com\/@drikkes\/post\/DXjeHKElrZw\"><\/data> <data class=\"u-syndication\" value=\"https:\/\/mastodon.social\/@drikkes\/116465271618188548\"><\/data> <data class=\"u-syndication\" value=\"https:\/\/flip.it\/fNpVa6\"><\/data><\/span><\/div>","protected":false},"excerpt":{"rendered":"<div class='e-content p-summary'>\u00dcberlege, eine Kanzlergewerkschaft zu gr\u00fcnden, damit \u2013 wenn ich sp\u00e4ter Regierungsoberhaupt der Bundesrepublik Deutschland werde \u2013 meine arbeitsrechtlichen und gesellschaftspolitischen Interessen besser vertreten werden.Aber der eigentliche Grund ist nat\u00fcrlich, da\u00df in der Zwischenzeit meine pers\u00f6nlich personalisierten Werbebriefe an Friedrich Merz, die ihn vom Beitritt in diese Gewerschaft \u00fcberzeugen sollen, fucking hilarious w\u00e4ren. In other news: [&hellip;]<\/div>\n","protected":false},"author":1,"featured_media":9967,"comment_status":"open","ping_status":"open","sticky":false,"template":"","format":"standard","meta":{"mf2_syndication":["https:\/\/bsky.app\/profile\/drikk.es\/post\/3mkczbgfguh2v","https:\/\/micro.blog\/drikkes\/88982457","https:\/\/www.threads.com\/@drikkes\/post\/DXjeHKElrZw","https:\/\/mastodon.social\/@drikkes\/116465271618188548","https:\/\/flip.it\/fNpVa6"],"cybocfi_hide_featured_image":"yes","webmentions_disabled_pings":false,"webmentions_disabled":false,"footnotes":""},"categories":[1],"tags":[2383,1665,2358,2074,951],"class_list":{"0":"post-20586","1":"post","2":"type-post","3":"status-publish","4":"format-standard","5":"has-post-thumbnail","7":"category-allgemein","8":"tag-bayern","9":"tag-commerzbank","10":"tag-gewerkschaft","11":"tag-muenchen","12":"tag-politiker","13":"h-entry","14":"hentry"},"_links":{"self":[{"href":"https:\/\/drikkes.com\/index.php?rest_route=\/wp\/v2\/posts\/20586","targetHints":{"allow":["GET"]}}],"collection":[{"href":"https:\/\/drikkes.com\/index.php?rest_route=\/wp\/v2\/posts"}],"about":[{"href":"https:\/\/drikkes.com\/index.php?rest_route=\/wp\/v2\/types\/post"}],"author":[{"embeddable":true,"href":"https:\/\/drikkes.com\/index.php?rest_route=\/wp\/v2\/users\/1"}],"replies":[{"embeddable":true,"href":"https:\/\/drikkes.com\/index.php?rest_route=%2Fwp%2Fv2%2Fcomments&post=20586"}],"version-history":[{"count":4,"href":"https:\/\/drikkes.com\/index.php?rest_route=\/wp\/v2\/posts\/20586\/revisions"}],"predecessor-version":[{"id":20591,"href":"https:\/\/drikkes.com\/index.php?rest_route=\/wp\/v2\/posts\/20586\/revisions\/20591"}],"wp:featuredmedia":[{"embeddable":true,"href":"https:\/\/drikkes.com\/index.php?rest_route=\/wp\/v2\/media\/9967"}],"wp:attachment":[{"href":"https:\/\/drikkes.com\/index.php?rest_route=%2Fwp%2Fv2%2Fmedia&parent=20586"}],"wp:term":[{"taxonomy":"category","embeddable":true,"href":"https:\/\/drikkes.com\/index.php?rest_route=%2Fwp%2Fv2%2Fcategories&post=20586"},{"taxonomy":"post_tag","embeddable":true,"href":"https:\/\/drikkes.com\/index.php?rest_route=%2Fwp%2Fv2%2Ftags&post=20586"}],"curies":[{"name":"wp","href":"https:\/\/api.w.org\/{rel}","templated":true}]}}