{"id":19647,"date":"2025-05-04T22:39:30","date_gmt":"2025-05-04T21:39:30","guid":{"rendered":"https:\/\/drikkes.com\/?p=19647"},"modified":"2025-05-04T22:52:57","modified_gmt":"2025-05-04T21:52:57","slug":"namenstag","status":"publish","type":"post","link":"https:\/\/drikkes.com\/?p=19647","title":{"rendered":"Namenstag"},"content":{"rendered":"<div class='e-content'>\n<p>Etwas umst\u00e4ndlich, da\u00df der Sonntag im Hause SpReeSe nicht mehr f\u00fcr alle gleich hei\u00dft, aber die neuen Namen haben sich durchgesetzt. Die Frau nennt ihn &#8220;Du-wolltest-Dich-eigentlich-rasieren-Tag&#8221;, f\u00fcr den Sohn ist es der &#8220;Papa-wollte-sich-eigentlich-rasieren-Tag&#8221; und auch mich gibt man hier nur vor zu verstehen, wenn ich von ihm als &#8220;Ich-wollte-mich-eigentlich-rasieren-Tag&#8221; spreche.<\/p>\n\n\n\n<hr class=\"wp-block-separator has-alpha-channel-opacity\"\/>\n\n\n<button class=\"custom-share-button\">Teilen<\/button>\n        <div id=\"share-options\" style=\"display: none;\">\n            <br>\n            <\/br>\n\t\t\t<p><em>Sharing is caring.<\/em><\/p>\n                <label for=\"entry-permalink\">Permalink<\/label>\n                <input id=\"entry-permalink\" class=\"u-url url u-uid uid bookmark\" type=\"text\" value=\"https:\/\/drikkes.com\/?p=19647\" \/>\n            <\/p>\n            <p>\n                <label for=\"entry-summary\">HTML<\/label>\n                <textarea id=\"entry-summary\" class=\"code\" type=\"text\" rows=\"5\" cols=\"70\">&lt;cite class=&quot;h-cite&quot;&gt;&lt;a class=&quot;u-url p-name&quot; href=&quot;https:\/\/drikkes.com\/?p=19647&quot;&gt;Namenstag&lt;\/a&gt; (&lt;span class=&quot;p-author h-card&quot; title=&quot;<span class='p-author h-card'>drikkes<\/span>&quot;&gt;<span class='p-author h-card'>drikkes<\/span>&lt;\/span&gt; &lt;time class=&quot;dt-published&quot; datetime=&quot;2025-05-04T22:39:30+01:00&quot;&gt;04\/05\/2025&lt;\/time&gt;)&lt;\/cite&gt;<\/textarea>\n            <\/p><\/div>\n\n\n\n<p><\/p>\n<\/div><div class=\"syndication-links\"><span class=\"relsyn\"><data class=\"u-syndication\" value=\"https:\/\/mastodon.social\/@drikkes\/114451727827707693\"><\/data> <data class=\"u-syndication\" value=\"https:\/\/www.threads.com\/@drikkes\/post\/DJPz7KdK-zF\"><\/data> <data class=\"u-syndication\" value=\"https:\/\/www.facebook.com\/reklame3000\/posts\/pfbid0SxoKGNfKrRo7jB3m643o2hQF9xq51rnffy4mGSJJFgYLbg9BXXCGDpWh3x1MTD5Zl\"><\/data> <data class=\"u-syndication\" value=\"https:\/\/bsky.app\/profile\/drikk.es\/post\/3loesw6kxvk2d\"><\/data> <data class=\"u-syndication\" value=\"https:\/\/micro.blog\/drikkes\/63655974\"><\/data> <data class=\"u-syndication\" value=\"https:\/\/flip.it\/ymcbLt\"><\/data><\/span><\/div>","protected":false},"excerpt":{"rendered":"<div class='e-content p-summary'>Etwas umst\u00e4ndlich, da\u00df der Sonntag im Hause SpReeSe nicht mehr f\u00fcr alle gleich hei\u00dft, aber die neuen Namen haben sich durchgesetzt. Die Frau nennt ihn &#8220;Du-wolltest-Dich-eigentlich-rasieren-Tag&#8221;, f\u00fcr den Sohn ist es der &#8220;Papa-wollte-sich-eigentlich-rasieren-Tag&#8221; und auch mich gibt man hier nur vor zu verstehen, wenn ich von ihm als &#8220;Ich-wollte-mich-eigentlich-rasieren-Tag&#8221; spreche.<\/div>\n","protected":false},"author":1,"featured_media":0,"comment_status":"open","ping_status":"open","sticky":false,"template":"","format":"standard","meta":{"mf2_syndication":["https:\/\/mastodon.social\/@drikkes\/114451727827707693","https:\/\/www.threads.com\/@drikkes\/post\/DJPz7KdK-zF","https:\/\/www.facebook.com\/reklame3000\/posts\/pfbid0SxoKGNfKrRo7jB3m643o2hQF9xq51rnffy4mGSJJFgYLbg9BXXCGDpWh3x1MTD5Zl","https:\/\/bsky.app\/profile\/drikk.es\/post\/3loesw6kxvk2d","https:\/\/micro.blog\/drikkes\/63655974","https:\/\/flip.it\/ymcbLt"],"cybocfi_hide_featured_image":"","webmentions_disabled_pings":false,"webmentions_disabled":false,"footnotes":""},"categories":[2827],"tags":[2908,2002,1232],"class_list":{"0":"post-19647","1":"post","2":"type-post","3":"status-publish","4":"format-standard","6":"category-kurzform","7":"tag-aennie","8":"tag-familie","9":"tag-fritz","10":"h-entry","11":"hentry"},"_links":{"self":[{"href":"https:\/\/drikkes.com\/index.php?rest_route=\/wp\/v2\/posts\/19647","targetHints":{"allow":["GET"]}}],"collection":[{"href":"https:\/\/drikkes.com\/index.php?rest_route=\/wp\/v2\/posts"}],"about":[{"href":"https:\/\/drikkes.com\/index.php?rest_route=\/wp\/v2\/types\/post"}],"author":[{"embeddable":true,"href":"https:\/\/drikkes.com\/index.php?rest_route=\/wp\/v2\/users\/1"}],"replies":[{"embeddable":true,"href":"https:\/\/drikkes.com\/index.php?rest_route=%2Fwp%2Fv2%2Fcomments&post=19647"}],"version-history":[{"count":3,"href":"https:\/\/drikkes.com\/index.php?rest_route=\/wp\/v2\/posts\/19647\/revisions"}],"predecessor-version":[{"id":19650,"href":"https:\/\/drikkes.com\/index.php?rest_route=\/wp\/v2\/posts\/19647\/revisions\/19650"}],"wp:attachment":[{"href":"https:\/\/drikkes.com\/index.php?rest_route=%2Fwp%2Fv2%2Fmedia&parent=19647"}],"wp:term":[{"taxonomy":"category","embeddable":true,"href":"https:\/\/drikkes.com\/index.php?rest_route=%2Fwp%2Fv2%2Fcategories&post=19647"},{"taxonomy":"post_tag","embeddable":true,"href":"https:\/\/drikkes.com\/index.php?rest_route=%2Fwp%2Fv2%2Ftags&post=19647"}],"curies":[{"name":"wp","href":"https:\/\/api.w.org\/{rel}","templated":true}]}}