{"id":11225,"date":"2016-11-17T10:09:25","date_gmt":"2016-11-17T09:09:25","guid":{"rendered":"http:\/\/drikkes.com\/?p=11225"},"modified":"2025-05-12T11:28:08","modified_gmt":"2025-05-12T10:28:08","slug":"meine-3-cent","status":"publish","type":"post","link":"https:\/\/drikkes.com\/?p=11225","title":{"rendered":"Meine 3 Cent"},"content":{"rendered":"<div class='e-content'><p>Ich gebe Nazis Feuer, wenn sie mich darum bitten &#8211; f\u00fcr ihre Zigaretten. Ich mache in der Bahn den Platz frei f\u00fcr einen homohassenden Rentner. Ich halte die Aufzugt\u00fcren f\u00fcr die Kollegin auf, die st\u00e4ndig &#8220;behindert&#8221; als Schimpfwort benutzt. Weil ich h\u00f6flich bin. <em>(Ich bin mir bewusst, da\u00df H\u00f6flichkeit kein Alleinstellungsmerkmal ist. Auch der seine Frau verpr\u00fcgelnde Mann kann seinen Nachbar stets freundlich gr\u00fc\u00dfen. Das nennt man Zivilisation, z\u00e4hneknirschend.)<\/em><\/p>\n<p>Was ich nicht tue, ist mit <a href=\"https:\/\/m.taz.de\/Die-Wahrheit\/!5353802;m\/\">Arschl\u00f6chern<\/a> \u00fcber Politik zu reden. Denn mit post-faktischen Realit\u00e4tsverweigerern habe ich keine gemeinsame Diskussionsgrundlage. Ich verachte sie daf\u00fcr, da\u00df sie dem Fl\u00fcchtling seinen <a href=\"http:\/\/www.heise.de\/forum\/Telepolis\/Kommentare\/Rassistischer-Sozialprotest\/Netter-und-treffender-Witz\/posting-26003985\/show\/\">Keks<\/a> nicht g\u00f6nnen. Und ich hasse, ja: hasse sie daf\u00fcr, da\u00df wegen ihnen die Welt manchmal eben doch schwarz\/wei\u00df ist. Vor allem in der Wahlkabine.<\/p>\n<p><img loading=\"lazy\" decoding=\"async\" class=\"alignleft size-full wp-image-11235\" src=\"https:\/\/drikkes.com\/wp-content\/uploads\/2016\/11\/GASundSTAAT.png\" alt=\"gas+staat\" width=\"1024\" height=\"512\" srcset=\"https:\/\/drikkes.com\/wp-content\/uploads\/2016\/11\/GASundSTAAT.png 1024w, https:\/\/drikkes.com\/wp-content\/uploads\/2016\/11\/GASundSTAAT-300x150.png 300w, https:\/\/drikkes.com\/wp-content\/uploads\/2016\/11\/GASundSTAAT-768x384.png 768w, https:\/\/drikkes.com\/wp-content\/uploads\/2016\/11\/GASundSTAAT-65x33.png 65w\" sizes=\"auto, (max-width: 1024px) 100vw, 1024px\" \/><\/p>\n<p>Man konnte auf dem Wahlzettel noch nie sein Kreuzchen bei &#8220;Ich bin kein Rassist, aber&#8230;&#8221; machen. Wer AfD oder Trump w\u00e4hlt, der erkl\u00e4rt sich mit Rechtsextremismus einverstanden und unterst\u00fctzt ihn aktiv. Basta. Was ich den Neorechten richtig \u00fcbelnehme, ist das Verschwinden von Zwischent\u00f6nen bei Wahlentscheidungen. Seit Kurzem geht es da nicht mehr um Koalitionen und Kompromisse; die Priorit\u00e4t jeder Wahl besteht nur noch darin, das Schlimmste zu verhindern. Alles andere ist zweitrangig. So einfach ist das. Sch\u00f6ne Schei\u00dfe.<\/p>\n<h4>re:sieg\/nation<\/h4>\n<p>Ich habe mich damit abgefunden, da\u00df Positionen von Rassismus bis Mysoginismus keine aus Demagogensicht <a href=\"https:\/\/e13.de\/blog\/der-ganze-rest\/meine-zwo-cent\/\">ausbauf\u00e4higen Randpotenziale<\/a> mehr, sondern offenbar mehrheitsf\u00e4hig sind. Wir haben gerufen &#8220;Check mal Deine Privilegien&#8221; &#8211; and guess what: der alte, wei\u00dfe Mann w\u00fcrde sie gerne behalten. Finde ich nicht okay. Wenn mir das als <a href=\"http:\/\/fraunessy.vanessagiese.de\/2016\/11\/10\/die-wahl-der-entmachteten\/\">arrogantes Linksakademikertum<\/a> ausgelegt wird: bittesch\u00f6n.<\/p>\n\n\n<hr class=\"wp-block-separator has-alpha-channel-opacity\"\/>\n\n\n<button class=\"custom-share-button\">Teilen<\/button>\n        <div id=\"share-options\" style=\"display: none;\">\n            <br>\n            <\/br>\n\t\t\t<p><em>Sharing is caring.<\/em><\/p>\n                <label for=\"entry-permalink\">Permalink<\/label>\n                <input id=\"entry-permalink\" class=\"u-url url u-uid uid bookmark\" type=\"text\" value=\"https:\/\/drikkes.com\/?p=11225\" \/>\n            <\/p>\n            <p>\n                <label for=\"entry-summary\">HTML<\/label>\n                <textarea id=\"entry-summary\" class=\"code\" type=\"text\" rows=\"5\" cols=\"70\">&lt;cite class=&quot;h-cite&quot;&gt;&lt;a class=&quot;u-url p-name&quot; href=&quot;https:\/\/drikkes.com\/?p=11225&quot;&gt;Meine 3 Cent&lt;\/a&gt; (&lt;span class=&quot;p-author h-card&quot; title=&quot;<span class='p-author h-card'>drikkes<\/span>&quot;&gt;<span class='p-author h-card'>drikkes<\/span>&lt;\/span&gt; &lt;time class=&quot;dt-published&quot; datetime=&quot;2016-11-17T10:09:25+01:00&quot;&gt;17\/11\/2016&lt;\/time&gt;)&lt;\/cite&gt;<\/textarea>\n            <\/p><\/div>\n<\/div><div class=\"syndication-links\"><\/div>","protected":false},"excerpt":{"rendered":"<div class='e-content p-summary'>Ich gebe Nazis Feuer, wenn sie mich darum bitten &#8211; f\u00fcr ihre Zigaretten. Ich mache in der Bahn den Platz frei f\u00fcr einen homohassenden Rentner. Ich halte die Aufzugt\u00fcren f\u00fcr die Kollegin auf, die st\u00e4ndig &#8220;behindert&#8221; als Schimpfwort benutzt. Weil ich h\u00f6flich bin. (Ich bin mir bewusst, da\u00df H\u00f6flichkeit kein Alleinstellungsmerkmal ist. Auch der seine [&hellip;]<\/div>\n","protected":false},"author":1,"featured_media":0,"comment_status":"open","ping_status":"open","sticky":false,"template":"","format":"standard","meta":{"mf2_syndication":[],"cybocfi_hide_featured_image":"","webmentions_disabled_pings":false,"webmentions_disabled":false,"footnotes":""},"categories":[1],"tags":[2076,294,1983],"class_list":{"0":"post-11225","1":"post","2":"type-post","3":"status-publish","4":"format-standard","6":"category-allgemein","7":"tag-afd","8":"tag-politik","9":"tag-trump","10":"h-entry","11":"hentry"},"_links":{"self":[{"href":"https:\/\/drikkes.com\/index.php?rest_route=\/wp\/v2\/posts\/11225","targetHints":{"allow":["GET"]}}],"collection":[{"href":"https:\/\/drikkes.com\/index.php?rest_route=\/wp\/v2\/posts"}],"about":[{"href":"https:\/\/drikkes.com\/index.php?rest_route=\/wp\/v2\/types\/post"}],"author":[{"embeddable":true,"href":"https:\/\/drikkes.com\/index.php?rest_route=\/wp\/v2\/users\/1"}],"replies":[{"embeddable":true,"href":"https:\/\/drikkes.com\/index.php?rest_route=%2Fwp%2Fv2%2Fcomments&post=11225"}],"version-history":[{"count":7,"href":"https:\/\/drikkes.com\/index.php?rest_route=\/wp\/v2\/posts\/11225\/revisions"}],"predecessor-version":[{"id":19662,"href":"https:\/\/drikkes.com\/index.php?rest_route=\/wp\/v2\/posts\/11225\/revisions\/19662"}],"wp:attachment":[{"href":"https:\/\/drikkes.com\/index.php?rest_route=%2Fwp%2Fv2%2Fmedia&parent=11225"}],"wp:term":[{"taxonomy":"category","embeddable":true,"href":"https:\/\/drikkes.com\/index.php?rest_route=%2Fwp%2Fv2%2Fcategories&post=11225"},{"taxonomy":"post_tag","embeddable":true,"href":"https:\/\/drikkes.com\/index.php?rest_route=%2Fwp%2Fv2%2Ftags&post=11225"}],"curies":[{"name":"wp","href":"https:\/\/api.w.org\/{rel}","templated":true}]}}